{"id":2084,"date":"2023-07-17T17:30:32","date_gmt":"2023-07-17T20:30:32","guid":{"rendered":"https:\/\/editoradionisi.com.br\/folhaespiritacairbarschutel\/?p=2084"},"modified":"2023-07-17T17:53:38","modified_gmt":"2023-07-17T20:53:38","slug":"a-morte-nao-e-nada-poema-de-santo-agostinho","status":"publish","type":"post","link":"https:\/\/editoradionisi.com.br\/folhaespiritacairbarschutel\/2023\/07\/17\/a-morte-nao-e-nada-poema-de-santo-agostinho\/","title":{"rendered":"A morte n\u00e3o \u00e9 nada (Poema de Santo Agostinho)"},"content":{"rendered":"\n<p class=\"has-medium-font-size wp-block-paragraph\"><strong>ESPA\u00c7O CULTURAL E PO\u00c9TICO<\/strong><br>[Nelli C\u00e9lia] <a href=\"mailto:nellicelia@yahoo.com.br\">nellicelia@yahoo.com.br<\/a><\/p>\n\n\n\n<p class=\"wp-block-paragraph\" style=\"font-size:24px\">&nbsp;&nbsp;&nbsp;&nbsp;&nbsp;&nbsp;&nbsp;&nbsp;&nbsp;&nbsp;&nbsp;&nbsp;&nbsp;&nbsp;&nbsp; Santo Agostinho foi fil\u00f3sofo, escritor, bispo e importante te\u00f3logo crist\u00e3o do norte da \u00c1frica durante a domina\u00e7\u00e3o romana (354\/430 d.C.).<\/p>\n\n\n\n<p class=\"wp-block-paragraph\" style=\"font-size:24px\">&nbsp;&nbsp;&nbsp;&nbsp;&nbsp;&nbsp;&nbsp;&nbsp;&nbsp;&nbsp;&nbsp;&nbsp;&nbsp;&nbsp;&nbsp; Aur\u00e9lio &nbsp;Agostinho de Hypona (em latim: Aurelius Agustinus Hyponesis) conhecido universalmente por Santo Agostinho, foi um dos mais importantes te\u00f3logos, conhecido como Agostinho de Hipona, nasceu em na cidade de Num\u00eddia (hoje Arg\u00e9lia), no norte da \u00c1frica. Seu Pai, Patr\u00edcius Aurelius, era pag\u00e3o e a sua m\u00e3e M\u00f4nica. Crist\u00e3 ela influenciou muito o filho para seguir a carreira religiosa, rezando durante 33 anos para que Agostinho fosse de Deus. M\u00f4nica ensinou ao filho a f\u00e9 crist\u00e3, a moral e a mansid\u00e3o. Ela tornou-se Santa M\u00f4nica, pela igreja cat\u00f3lica.<\/p>\n\n\n\n<p class=\"wp-block-paragraph\" style=\"font-size:24px\">&nbsp;&nbsp;&nbsp;&nbsp;&nbsp;&nbsp;&nbsp;&nbsp;&nbsp;&nbsp;&nbsp;&nbsp;&nbsp;&nbsp;&nbsp; Agostinho de Hypona teve uma inf\u00e2ncia e adolesc\u00eancia em sua terra natal. Depois quando jovem, teve uma uni\u00e3o com uma Cartaginense que durou por volta de quatro anos, e da qual nasceu seu filho chamado: \u201cAdeodato&#8221;.<\/p>\n\n\n\n<p class=\"wp-block-paragraph\" style=\"font-size:23px\">&nbsp;&nbsp;&nbsp;&nbsp;&nbsp;&nbsp;&nbsp;&nbsp;&nbsp;&nbsp;&nbsp;&nbsp;&nbsp;&nbsp;&nbsp; Todavia, a busca por Deus era uma const\u00e2ncia na vida de Agostinho. Em 386 d.C. procurou Ambr\u00f3sio, Bispo do Imp\u00e9rio, em busca de uma coloca\u00e7\u00e3o como professor, diante de tantos estudos que j\u00e1 havia feito, em vez disso, encontrou respostas para as sua d\u00favidas, quando assistiu o serm\u00e3o de Ambr\u00f3sio, sobre o velho testamento.<\/p>\n\n\n\n<p class=\"wp-block-paragraph\" style=\"font-size:24px\">&nbsp;&nbsp;&nbsp;&nbsp;&nbsp;&nbsp;&nbsp;&nbsp;&nbsp;&nbsp;&nbsp;&nbsp;&nbsp;&nbsp;&nbsp; Em 391 foi sagrado Bispo auxiliar de Hipona. Agostinho deixou muitos livros sobre a vida da espiritualidade da alma, como as \u201cConfiss\u00f5es\u201d e \u201cA Cidade de Deus\u201d.<\/p>\n\n\n\n<p class=\"wp-block-paragraph\" style=\"font-size:24px\">&nbsp;&nbsp;&nbsp;&nbsp;&nbsp;&nbsp;&nbsp;&nbsp;&nbsp;&nbsp;&nbsp;&nbsp;&nbsp;&nbsp;&nbsp; Agostinho nos ensina que para encontrar Deus, \u201cn\u00e3o busquem l\u00e1 fora, pois Ele est\u00e1 dentro de n\u00f3s\u201d.&nbsp;&nbsp;&nbsp;&nbsp;&nbsp;&nbsp;&nbsp;&nbsp; &nbsp;&nbsp;&nbsp;&nbsp;<\/p>\n\n\n\n<p class=\"wp-block-paragraph\"><\/p>\n\n\n\n<p style=\"font-size:24px\" class=\"has-text-align-center wp-block-paragraph\"><strong>A morte n\u00e3o \u00e9 nada<\/strong><\/p>\n\n\n\n<p style=\"font-size:24px\" class=\"has-text-align-center wp-block-paragraph\">(Poema de Santo Agostinho)<\/p>\n\n\n\n<p style=\"font-size:24px\" class=\"has-text-align-center wp-block-paragraph\">\u201cA morte n\u00e3o \u00e9 nada.<\/p>\n\n\n\n<p style=\"font-size:24px\" class=\"has-text-align-center wp-block-paragraph\">Eu somente passei<\/p>\n\n\n\n<p style=\"font-size:24px\" class=\"has-text-align-center wp-block-paragraph\">Para o outro lado do caminho.<\/p>\n\n\n\n<p style=\"font-size:24px\" class=\"has-text-align-center wp-block-paragraph\">Eu sou eu, voc\u00eas s\u00e3o voc\u00eas.<\/p>\n\n\n\n<p style=\"font-size:24px\" class=\"has-text-align-center wp-block-paragraph\">O que eu era para voc\u00eas,<\/p>\n\n\n\n<p style=\"font-size:24px\" class=\"has-text-align-center wp-block-paragraph\">Eu continuarei sendo.<\/p>\n\n\n\n<p style=\"font-size:24px\" class=\"has-text-align-center wp-block-paragraph\">Me deem o nome<\/p>\n\n\n\n<p style=\"font-size:24px\" class=\"has-text-align-center wp-block-paragraph\">Que voc\u00eas sempre me deram,<\/p>\n\n\n\n<p style=\"font-size:24px\" class=\"has-text-align-center wp-block-paragraph\">Falem comigo<\/p>\n\n\n\n<p style=\"font-size:24px\" class=\"has-text-align-center wp-block-paragraph\">Como voc\u00eas sempre fizeram.<\/p>\n\n\n\n<p style=\"font-size:24px\" class=\"has-text-align-center wp-block-paragraph\">Voc\u00eas continuam vivendo<\/p>\n\n\n\n<p style=\"font-size:24px\" class=\"has-text-align-center wp-block-paragraph\">No mundo das criaturas,<\/p>\n\n\n\n<p style=\"font-size:24px\" class=\"has-text-align-center wp-block-paragraph\">Eu estou vivendo<\/p>\n\n\n\n<p style=\"font-size:24px\" class=\"has-text-align-center wp-block-paragraph\">No mundo do Criador.<\/p>\n\n\n\n<p style=\"font-size:24px\" class=\"has-text-align-center wp-block-paragraph\">N\u00e3o utilizem um tom solene<\/p>\n\n\n\n<p style=\"font-size:24px\" class=\"has-text-align-center wp-block-paragraph\">Ou triste, continuem a rir<\/p>\n\n\n\n<p style=\"font-size:24px\" class=\"has-text-align-center wp-block-paragraph\">Daquilo que nos fazia rir juntos.<\/p>\n\n\n\n<p style=\"font-size:24px\" class=\"has-text-align-center wp-block-paragraph\">Rezem, sorriem, pensem em mim.<\/p>\n\n\n\n<p style=\"font-size:24px\" class=\"has-text-align-center wp-block-paragraph\">Rezem por mim.<\/p>\n\n\n\n<p style=\"font-size:24px\" class=\"has-text-align-center wp-block-paragraph\">Que meu nome seja pronunciado<\/p>\n\n\n\n<p style=\"font-size:24px\" class=\"has-text-align-center wp-block-paragraph\">Como sempre foi,<\/p>\n\n\n\n<p style=\"font-size:24px\" class=\"has-text-align-center wp-block-paragraph\">Sem \u00eanfase de nenhum tipo.<\/p>\n\n\n\n<p style=\"font-size:24px\" class=\"has-text-align-center wp-block-paragraph\">Sem nenhum tra\u00e7o de sombra<\/p>\n\n\n\n<p style=\"font-size:24px\" class=\"has-text-align-center wp-block-paragraph\">Ou tristeza.<\/p>\n\n\n\n<p style=\"font-size:24px\" class=\"has-text-align-center wp-block-paragraph\">A vida significa tudo<\/p>\n\n\n\n<p style=\"font-size:24px\" class=\"has-text-align-center wp-block-paragraph\">O que ela sempre significou,<\/p>\n\n\n\n<p style=\"font-size:24px\" class=\"has-text-align-center wp-block-paragraph\">O fio n\u00e3o foi cortado.<\/p>\n\n\n\n<p style=\"font-size:24px\" class=\"has-text-align-center wp-block-paragraph\">Porque eu estaria fora<\/p>\n\n\n\n<p style=\"font-size:24px\" class=\"has-text-align-center wp-block-paragraph\">De seus pensamentos,<\/p>\n\n\n\n<p style=\"font-size:24px\" class=\"has-text-align-center wp-block-paragraph\">Agora que eu estou apenas fora<\/p>\n\n\n\n<p style=\"font-size:24px\" class=\"has-text-align-center wp-block-paragraph\">De suas vistas?<\/p>\n\n\n\n<p style=\"font-size:24px\" class=\"has-text-align-center wp-block-paragraph\">Eu n\u00e3o estou longe,<\/p>\n\n\n\n<p style=\"font-size:24px\" class=\"has-text-align-center wp-block-paragraph\">Apenas estou<\/p>\n\n\n\n<p style=\"font-size:24px\" class=\"has-text-align-center wp-block-paragraph\">Do outro lado do caminho&#8230;<\/p>\n\n\n\n<p style=\"font-size:24px\" class=\"has-text-align-center wp-block-paragraph\">Voc\u00ea que a\u00ed ficou, siga em frente,<\/p>\n\n\n\n<p style=\"font-size:24px\" class=\"has-text-align-center wp-block-paragraph\">A vida continua, linda e bela<\/p>\n\n\n\n<p style=\"font-size:24px\" class=\"has-text-align-center wp-block-paragraph\">Como sempre foi.\u201d<\/p>\n\n\n\n<p class=\"has-text-align-center wp-block-paragraph\">______________________<\/p>\n\n\n\n<p style=\"font-size:18px\" class=\"has-text-align-right wp-block-paragraph\">(Fabio Dionisi escreveu sobre Santo Agostinho)<\/p>\n","protected":false},"excerpt":{"rendered":"<p>ESPA\u00c7O CULTURAL E PO\u00c9TICO[Nelli C\u00e9lia] nellicelia@yahoo.com.br &nbsp;&nbsp;&nbsp;&nbsp;&nbsp;&nbsp;&nbsp;&nbsp;&nbsp;&nbsp;&nbsp;&nbsp;&nbsp;&nbsp;&nbsp; Santo Agostinho foi fil\u00f3sofo, escritor, bispo e importante te\u00f3logo crist\u00e3o do norte da<\/p>\n","protected":false},"author":2,"featured_media":1759,"comment_status":"open","ping_status":"open","sticky":false,"template":"","format":"standard","meta":{"footnotes":""},"categories":[6,33],"tags":[],"class_list":["post-2084","post","type-post","status-publish","format-standard","has-post-thumbnail","hentry","category-destaque","category-espaco-cultural-poetico"],"_links":{"self":[{"href":"https:\/\/editoradionisi.com.br\/folhaespiritacairbarschutel\/wp-json\/wp\/v2\/posts\/2084","targetHints":{"allow":["GET"]}}],"collection":[{"href":"https:\/\/editoradionisi.com.br\/folhaespiritacairbarschutel\/wp-json\/wp\/v2\/posts"}],"about":[{"href":"https:\/\/editoradionisi.com.br\/folhaespiritacairbarschutel\/wp-json\/wp\/v2\/types\/post"}],"author":[{"embeddable":true,"href":"https:\/\/editoradionisi.com.br\/folhaespiritacairbarschutel\/wp-json\/wp\/v2\/users\/2"}],"replies":[{"embeddable":true,"href":"https:\/\/editoradionisi.com.br\/folhaespiritacairbarschutel\/wp-json\/wp\/v2\/comments?post=2084"}],"version-history":[{"count":3,"href":"https:\/\/editoradionisi.com.br\/folhaespiritacairbarschutel\/wp-json\/wp\/v2\/posts\/2084\/revisions"}],"predecessor-version":[{"id":2087,"href":"https:\/\/editoradionisi.com.br\/folhaespiritacairbarschutel\/wp-json\/wp\/v2\/posts\/2084\/revisions\/2087"}],"wp:featuredmedia":[{"embeddable":true,"href":"https:\/\/editoradionisi.com.br\/folhaespiritacairbarschutel\/wp-json\/wp\/v2\/media\/1759"}],"wp:attachment":[{"href":"https:\/\/editoradionisi.com.br\/folhaespiritacairbarschutel\/wp-json\/wp\/v2\/media?parent=2084"}],"wp:term":[{"taxonomy":"category","embeddable":true,"href":"https:\/\/editoradionisi.com.br\/folhaespiritacairbarschutel\/wp-json\/wp\/v2\/categories?post=2084"},{"taxonomy":"post_tag","embeddable":true,"href":"https:\/\/editoradionisi.com.br\/folhaespiritacairbarschutel\/wp-json\/wp\/v2\/tags?post=2084"}],"curies":[{"name":"wp","href":"https:\/\/api.w.org\/{rel}","templated":true}]}}