{"id":2810,"date":"2026-07-26T15:34:04","date_gmt":"2026-07-26T18:34:04","guid":{"rendered":"https:\/\/editoradionisi.com.br\/folhaespiritacairbarschutel\/?p=2810"},"modified":"2026-07-26T15:40:31","modified_gmt":"2026-07-26T18:40:31","slug":"mae-mario-quintana","status":"publish","type":"post","link":"https:\/\/editoradionisi.com.br\/folhaespiritacairbarschutel\/2026\/07\/26\/mae-mario-quintana\/","title":{"rendered":"M\u00e3e (Mario Quintana)"},"content":{"rendered":"\n<p class=\"has-medium-font-size wp-block-paragraph\"><strong>Editor respons\u00e1vel: Fabio Dionisi<\/strong><\/p>\n\n\n\n<p class=\"has-medium-font-size wp-block-paragraph\"><strong>Espa\u00e7o Cultural e Po\u00e9tico<\/strong><br>[Nelli C\u00e9lia] <a href=\"mailto:nellicelia@yahoo.com.br\">nellicelia@yahoo.com.br<\/a><\/p>\n\n\n\n<p class=\"wp-block-paragraph\">_____________________________________________<\/p>\n\n\n\n<p class=\"has-medium-font-size wp-block-paragraph\">Falar de Mario Quintana (1905\u20131993) \u00e9 mexer com as nossas emo\u00e7\u00f5es, as que tanto encontramos ao ler uma obra dele.<\/p>\n\n\n\n<p class=\"has-medium-font-size wp-block-paragraph\">Mestre nas palavras, faz parte dos grandes nomes da poesia brasileira.<\/p>\n\n\n\n<p class=\"has-medium-font-size wp-block-paragraph\">Homem simples, dedicou a sua vida \u00e0s Letras, mantendo uma cultura geral, pois, como jornalista e poeta, fazia parte de seu dia. Do cotidiano, tirava motiva\u00e7\u00e3o para encontrar inspira\u00e7\u00e3o e criar frases lindas que nos encantam at\u00e9 hoje. Era um homem feliz, n\u00e3o tinha ambi\u00e7\u00f5es materiais.<\/p>\n\n\n\n<p class=\"has-medium-font-size wp-block-paragraph\">Come\u00e7ou a trabalhar como tradutor e foi jornalista, dividindo seu tempo com a poesia e a not\u00edcia. Em maio de 1940, publicou o seu primeiro livro de sonetos.<\/p>\n\n\n\n<p class=\"has-medium-font-size wp-block-paragraph\">Ganhou v\u00e1rios pr\u00eamios pelas suas obras liter\u00e1rias e, nos recitais, seu trabalho po\u00e9tico sempre est\u00e1 e estar\u00e1 presente.<\/p>\n\n\n\n<p class=\"has-medium-font-size wp-block-paragraph\">Mario Quintana nunca esteve financeiramente bem, como todos os poetas, viveu seu sonho maior, que era narrar a vida e suas belezas existentes. V\u00e1rios amigos colaboraram com ele no fim de sua vida terrena.<\/p>\n\n\n\n<p class=\"has-text-align-center has-medium-font-size wp-block-paragraph\">_________________________________<\/p>\n\n\n\n<p class=\"has-text-align-center has-medium-font-size wp-block-paragraph\">&nbsp;&nbsp;&nbsp;&nbsp;&nbsp;&nbsp;&nbsp;&nbsp;<strong> M\u00c3E<\/strong><\/p>\n\n\n\n<p class=\"has-text-align-center has-medium-font-size wp-block-paragraph\">A desse nome bendito:<\/p>\n\n\n\n<p class=\"has-text-align-center has-medium-font-size wp-block-paragraph\">Tr\u00eas letrinhas e nada mais\u2026<\/p>\n\n\n\n<p class=\"has-text-align-center has-medium-font-size wp-block-paragraph\">E nela cabe o infinito<\/p>\n\n\n\n<p class=\"has-text-align-center has-medium-font-size wp-block-paragraph\">E palavra t\u00e3o pequena<\/p>\n\n\n\n<p class=\"has-text-align-center has-medium-font-size wp-block-paragraph\">Confessam mesmo os ateus<\/p>\n\n\n\n<p class=\"has-text-align-center has-medium-font-size wp-block-paragraph\">\u00c9 do tamanho do c\u00e9u<\/p>\n\n\n\n<p class=\"has-text-align-center has-medium-font-size wp-block-paragraph\">\u00c9 apenas menos que Deus!<\/p>\n\n\n\n<p class=\"has-text-align-center has-medium-font-size wp-block-paragraph\">Para louvar a nossa m\u00e3e.<\/p>\n\n\n\n<p class=\"has-text-align-center has-medium-font-size wp-block-paragraph\">Todo bem que se disser<\/p>\n\n\n\n<p class=\"has-text-align-center has-medium-font-size wp-block-paragraph\">Nunca h\u00e1 de ser t\u00e3o grande<\/p>\n\n\n\n<p class=\"has-text-align-center has-medium-font-size wp-block-paragraph\">Como o bem que ela nos quer.<\/p>\n\n\n\n<p class=\"has-text-align-center has-medium-font-size wp-block-paragraph\">Palavra t\u00e3o pequenina<\/p>\n\n\n\n<p class=\"has-text-align-center has-medium-font-size wp-block-paragraph\">Nem abre os l\u00e1bios meus<\/p>\n\n\n\n<p class=\"has-text-align-center has-medium-font-size wp-block-paragraph\">Que \u00e9 do tamanho do c\u00e9u<\/p>\n\n\n\n<p class=\"has-text-align-center has-medium-font-size wp-block-paragraph\">Apenas menor que Deus!<\/p>\n\n\n\n<p class=\"has-text-align-center has-medium-font-size wp-block-paragraph\">__________________________<\/p>\n\n\n\n<p class=\"has-text-align-right has-medium-font-size wp-block-paragraph\">(Revisor Ricardo Ondir)<\/p>\n","protected":false},"excerpt":{"rendered":"<p>Editor respons\u00e1vel: Fabio Dionisi Espa\u00e7o Cultural e Po\u00e9tico[Nelli C\u00e9lia] nellicelia@yahoo.com.br _____________________________________________ Falar de Mario Quintana (1905\u20131993) \u00e9 mexer com as<\/p>\n","protected":false},"author":2,"featured_media":1693,"comment_status":"open","ping_status":"open","sticky":false,"template":"","format":"standard","meta":{"footnotes":""},"categories":[6,33],"tags":[],"class_list":["post-2810","post","type-post","status-publish","format-standard","has-post-thumbnail","hentry","category-destaque","category-espaco-cultural-poetico"],"_links":{"self":[{"href":"https:\/\/editoradionisi.com.br\/folhaespiritacairbarschutel\/wp-json\/wp\/v2\/posts\/2810","targetHints":{"allow":["GET"]}}],"collection":[{"href":"https:\/\/editoradionisi.com.br\/folhaespiritacairbarschutel\/wp-json\/wp\/v2\/posts"}],"about":[{"href":"https:\/\/editoradionisi.com.br\/folhaespiritacairbarschutel\/wp-json\/wp\/v2\/types\/post"}],"author":[{"embeddable":true,"href":"https:\/\/editoradionisi.com.br\/folhaespiritacairbarschutel\/wp-json\/wp\/v2\/users\/2"}],"replies":[{"embeddable":true,"href":"https:\/\/editoradionisi.com.br\/folhaespiritacairbarschutel\/wp-json\/wp\/v2\/comments?post=2810"}],"version-history":[{"count":6,"href":"https:\/\/editoradionisi.com.br\/folhaespiritacairbarschutel\/wp-json\/wp\/v2\/posts\/2810\/revisions"}],"predecessor-version":[{"id":2817,"href":"https:\/\/editoradionisi.com.br\/folhaespiritacairbarschutel\/wp-json\/wp\/v2\/posts\/2810\/revisions\/2817"}],"wp:featuredmedia":[{"embeddable":true,"href":"https:\/\/editoradionisi.com.br\/folhaespiritacairbarschutel\/wp-json\/wp\/v2\/media\/1693"}],"wp:attachment":[{"href":"https:\/\/editoradionisi.com.br\/folhaespiritacairbarschutel\/wp-json\/wp\/v2\/media?parent=2810"}],"wp:term":[{"taxonomy":"category","embeddable":true,"href":"https:\/\/editoradionisi.com.br\/folhaespiritacairbarschutel\/wp-json\/wp\/v2\/categories?post=2810"},{"taxonomy":"post_tag","embeddable":true,"href":"https:\/\/editoradionisi.com.br\/folhaespiritacairbarschutel\/wp-json\/wp\/v2\/tags?post=2810"}],"curies":[{"name":"wp","href":"https:\/\/api.w.org\/{rel}","templated":true}]}}