{"id":2828,"date":"2026-09-01T18:31:58","date_gmt":"2026-09-01T21:31:58","guid":{"rendered":"https:\/\/editoradionisi.com.br\/folhaespiritacairbarschutel\/?p=2828"},"modified":"2026-09-01T18:35:23","modified_gmt":"2026-09-01T21:35:23","slug":"dr-bezerra-de-menezes","status":"publish","type":"post","link":"https:\/\/editoradionisi.com.br\/folhaespiritacairbarschutel\/2026\/09\/01\/dr-bezerra-de-menezes\/","title":{"rendered":"Dr. Bezerra de Menezes"},"content":{"rendered":"\n<p class=\"has-medium-font-size wp-block-paragraph\">[Nelli C\u00e9lia] <a href=\"mailto:nellicelia@yahoo.com.br\">nellicelia@yahoo.com.br<\/a><\/p>\n\n\n\n<p class=\"wp-block-paragraph\">_______________________________________________________<\/p>\n\n\n\n<p class=\"has-medium-font-size wp-block-paragraph\">No ano passado, comemorou-se os 190 anos da vinda ao planeta Terra de Adolfo Bezerra de Menezes; Bezerra j\u00e1 foi convidado para ir para outra esfera mais adiantada que a Terra. O nosso homenageado agradeceu e pediu a Jesus que gostaria de ficar trabalhando no planeta azul, a nossa Terra, tamanha a humildade de esp\u00edrito que possui. Ele que nasceu em 1831 e faleceu em 1900, m\u00e9dico, pol\u00edtico, presidente da Federa\u00e7\u00e3o Esp\u00edrita do Rio de Janeiro.<\/p>\n\n\n\n<p class=\"has-medium-font-size wp-block-paragraph\">Considerado o m\u00e9dico dos pobres, era cat\u00f3lico, at\u00e9 que um dia um amigo esp\u00edrita deu a ele o Livro dos Esp\u00edritos. Era hora de ele voltar para casa, pegou o bonde e sentou, abriu o livro e pensou: Vou ler, acho que n\u00e3o vou para o inferno por isso. A partir daquele dia e da leitura, tornou-se esp\u00edrita praticante e estudou a obra do Prof. Kardec e de sua fam\u00edlia tamb\u00e9m.<\/p>\n\n\n\n<p class=\"has-medium-font-size wp-block-paragraph\">Dr. Bezerra foi casado duas vezes, mas sua primeira esposa morreu com 19 anos e, por essa raz\u00e3o, se casou pela segunda vez. Teve muitos filhos, sendo a \u00faltima filha alforriada. Dr. Bezerra atendia todos que o procurava. Certa vez, veio procur\u00e1-lo uma senhora cujo filho estava muito mal, ele examinou e falou que o caso era muito grave, precisando de rem\u00e9dios urgentemente, a m\u00e3e desesperada n\u00e3o tinha dinheiro nem para a comida, ent\u00e3o, Dr. Bezerra tirou do dedo o anel de formatura e deu para a m\u00e3e comprar os rem\u00e9dios. N\u00e3o media esfor\u00e7os para atender seus doentes, cumpriu sua promessa de ser o m\u00e9dico dos pobres, dirigiu com dedica\u00e7\u00e3o e brilhantismo, sabedoria e amor a Federa\u00e7\u00e3o Esp\u00edrita Brasileira no Rio de Janeiro.<\/p>\n\n\n\n<p class=\"has-text-align-center wp-block-paragraph\">&nbsp;&nbsp;&nbsp;&nbsp; &nbsp;&nbsp;&nbsp;&nbsp;&nbsp;&nbsp;&nbsp;&nbsp;&nbsp;&nbsp;&nbsp;&nbsp;&nbsp;&nbsp;&nbsp;&nbsp;&nbsp;&nbsp;&nbsp;&nbsp;&nbsp;&nbsp;&nbsp;&nbsp;&nbsp;___________________________________________________________<\/p>\n\n\n\n<p class=\"has-text-align-center has-large-font-size wp-block-paragraph\"><strong>Aben\u00e7oe e auxilia<\/strong><\/p>\n\n\n\n<p class=\"has-text-align-center has-medium-font-size wp-block-paragraph\">A vida oferece infal\u00edvel receita em favor de nossa paz\u2026&nbsp;<\/p>\n\n\n\n<p class=\"has-text-align-center has-medium-font-size wp-block-paragraph\">Se a incompreens\u00e3o nos aflige, aben\u00e7oa e auxilia<\/p>\n\n\n\n<p class=\"has-text-align-center has-medium-font-size wp-block-paragraph\">Se a disc\u00f3rdia amea\u00e7a, aben\u00e7oa e auxilia<\/p>\n\n\n\n<p class=\"has-text-align-center has-medium-font-size wp-block-paragraph\">Se a dificuldade nos aparece, aben\u00e7oa e auxilia<\/p>\n\n\n\n<p class=\"has-text-align-center has-medium-font-size wp-block-paragraph\">Se a cr\u00edtica nos vergasta, aben\u00e7oa e auxilia<\/p>\n\n\n\n<p class=\"has-text-align-center has-medium-font-size wp-block-paragraph\">Se a maldade nos bate \u00e0 porta, aben\u00e7oa e auxilia<\/p>\n\n\n\n<p class=\"has-text-align-center has-medium-font-size wp-block-paragraph\">Se a irrita\u00e7\u00e3o nos procura, aben\u00e7oa e auxilia<\/p>\n\n\n\n<p class=\"has-text-align-center has-medium-font-size wp-block-paragraph\">Se o problema nos agrava, aben\u00e7oa e auxilia<\/p>\n\n\n\n<p class=\"has-text-align-center has-medium-font-size wp-block-paragraph\">Se o des\u00e2nimo intercede-nos, aben\u00e7oe e auxilia<\/p>\n\n\n\n<p class=\"has-text-align-center has-medium-font-size wp-block-paragraph\">Se a inj\u00faria nos visitar, aben\u00e7oa e auxilia<\/p>\n\n\n\n<p class=\"has-text-align-center has-medium-font-size wp-block-paragraph\">Se a prova\u00e7\u00e3o surge mais exigente, aben\u00e7oa e auxilia<\/p>\n\n\n\n<p class=\"has-text-align-center has-medium-font-size wp-block-paragraph\">Se o afeto de algu\u00e9m nos abandona, aben\u00e7oe e auxilia<\/p>\n\n\n\n<p class=\"has-text-align-center has-medium-font-size wp-block-paragraph\">Ainda mesmo nos dias em que a l\u00e1grima seja a \u00fanica presen\u00e7a em nosso cora\u00e7\u00e3o para o trabalho fazer, aben\u00e7oe e auxilia, porque aben\u00e7oando e auxiliando, estaremos em toda a parte com o aux\u00edlio e a ben\u00e7\u00e3o de DEUS.<\/p>\n\n\n\n<p class=\"has-text-align-center has-medium-font-size wp-block-paragraph\">Extra\u00eddo do livro \u201cCORAGEM\u201d<\/p>\n\n\n\n<p class=\"has-text-align-center has-medium-font-size wp-block-paragraph\">&nbsp;(Chico Xavier)<\/p>\n\n\n\n<p class=\"has-text-align-center has-medium-font-size wp-block-paragraph\">__________________________________________<\/p>\n\n\n\n<p class=\"has-text-align-right has-medium-font-size wp-block-paragraph\">(Revisor Ricardo Ondir)<\/p>\n","protected":false},"excerpt":{"rendered":"<p>[Nelli C\u00e9lia] nellicelia@yahoo.com.br _______________________________________________________ No ano passado, comemorou-se os 190 anos da vinda ao planeta Terra de Adolfo Bezerra de<\/p>\n","protected":false},"author":2,"featured_media":2100,"comment_status":"open","ping_status":"open","sticky":false,"template":"","format":"standard","meta":{"footnotes":""},"categories":[6,33],"tags":[],"class_list":["post-2828","post","type-post","status-publish","format-standard","has-post-thumbnail","hentry","category-destaque","category-espaco-cultural-poetico"],"_links":{"self":[{"href":"https:\/\/editoradionisi.com.br\/folhaespiritacairbarschutel\/wp-json\/wp\/v2\/posts\/2828","targetHints":{"allow":["GET"]}}],"collection":[{"href":"https:\/\/editoradionisi.com.br\/folhaespiritacairbarschutel\/wp-json\/wp\/v2\/posts"}],"about":[{"href":"https:\/\/editoradionisi.com.br\/folhaespiritacairbarschutel\/wp-json\/wp\/v2\/types\/post"}],"author":[{"embeddable":true,"href":"https:\/\/editoradionisi.com.br\/folhaespiritacairbarschutel\/wp-json\/wp\/v2\/users\/2"}],"replies":[{"embeddable":true,"href":"https:\/\/editoradionisi.com.br\/folhaespiritacairbarschutel\/wp-json\/wp\/v2\/comments?post=2828"}],"version-history":[{"count":4,"href":"https:\/\/editoradionisi.com.br\/folhaespiritacairbarschutel\/wp-json\/wp\/v2\/posts\/2828\/revisions"}],"predecessor-version":[{"id":2833,"href":"https:\/\/editoradionisi.com.br\/folhaespiritacairbarschutel\/wp-json\/wp\/v2\/posts\/2828\/revisions\/2833"}],"wp:featuredmedia":[{"embeddable":true,"href":"https:\/\/editoradionisi.com.br\/folhaespiritacairbarschutel\/wp-json\/wp\/v2\/media\/2100"}],"wp:attachment":[{"href":"https:\/\/editoradionisi.com.br\/folhaespiritacairbarschutel\/wp-json\/wp\/v2\/media?parent=2828"}],"wp:term":[{"taxonomy":"category","embeddable":true,"href":"https:\/\/editoradionisi.com.br\/folhaespiritacairbarschutel\/wp-json\/wp\/v2\/categories?post=2828"},{"taxonomy":"post_tag","embeddable":true,"href":"https:\/\/editoradionisi.com.br\/folhaespiritacairbarschutel\/wp-json\/wp\/v2\/tags?post=2828"}],"curies":[{"name":"wp","href":"https:\/\/api.w.org\/{rel}","templated":true}]}}